{"id":18079,"date":"2019-12-24T14:27:34","date_gmt":"2019-12-24T19:27:34","guid":{"rendered":"https:\/\/bnonews.es\/?p=18079"},"modified":"2019-12-24T16:46:32","modified_gmt":"2019-12-24T21:46:32","slug":"fuerte-sismo-se-registra-en-colombia","status":"publish","type":"post","link":"https:\/\/bnonews.es\/index.php\/2019\/12\/fuerte-sismo-se-registra-en-colombia\/","title":{"rendered":"Fuertes sismos se registran en Colombia"},"content":{"rendered":"\n<p><strong>Datos R\u00e1pidos<\/strong><br>Magnitud: 6.0 y 5.8 (USGS), 6.2 y 5.7 (SGCol)<br>Profundidad: 10 km<br>Epicentro: A 4 km y 12 km de Lejan\u00edas, departamento de Meta<br>Fecha y hora: 24\/12\/19 14:03 y 14:19 hora local<\/p>\n\n\n\n<p>Dos sismos de magnitud 6.0 y 5.8, respectivamente, con epicentros en los l\u00edmites del departamento de Meta, sacudieron distintas ciudades de Colombia este martes en v\u00edsperas de Nochebuena, inform\u00f3 el Servicio Geol\u00f3gico de los EE.UU. (USGS). Los dos sismos fueron percibidos en Bogot\u00e1, Cali y Medell\u00edn, entre otras ciudades.  <\/p>\n\n\n\n<p>El primer sismo de magnitud 6.0 se registr\u00f3 a las 02:03 de la tarde, hora local, seguido 15 minutos despu\u00e9s del de magnitud 5.8, inform\u00f3 el USGS. Ambos ocurrieron a una profundidad superficial de 10 km.<\/p>\n\n\n\n<p>El Servicio Geol\u00f3gico de Colombia (SGCol) report\u00f3 que el primer sismo fue de magnitud 6.2, mientras que el segundo fue de 5.7 el cual ocurri\u00f3 a las 2:19 de la tarde, con varias r\u00e9plicas peque\u00f1as entre estos dos sismos. <\/p>\n\n\n\n<p>Medios locales han reportado la interrupci\u00f3n de energ\u00eda el\u00e9ctrica, ca\u00edda de \u00e1rboles y peque\u00f1os deslizamientos de tierra en diversas partes del centro de Colombia.<\/p>\n\n\n\n<p>Hasta el momento medios de los distintos departamentos afectados han reportado agrietamientos en paredes de casas y edificios como consecuencia de estos sismos, sin que se reporten da\u00f1os estructurales mayores.<\/p>\n\n\n\n<figure class=\"wp-block-embed-twitter wp-block-embed is-type-rich is-provider-twitter\"><div class=\"wp-block-embed__wrapper\">\n<blockquote class=\"twitter-tweet\" data-width=\"550\" data-dnt=\"true\"><p lang=\"es\" dir=\"ltr\">Un temblor en un 18 piso. La gr\u00faa que casi se nos viene encima. <a href=\"https:\/\/twitter.com\/hashtag\/Temblor?src=hash&amp;ref_src=twsrc%5Etfw\">#Temblor<\/a> <a href=\"https:\/\/t.co\/fwXZAVoxl3\">pic.twitter.com\/fwXZAVoxl3<\/a><\/p>&mdash; \u25b2\u25b2 (@mayck__) <a href=\"https:\/\/twitter.com\/mayck__\/status\/1209552435712315393?ref_src=twsrc%5Etfw\">December 24, 2019<\/a><\/blockquote><script async src=\"https:\/\/platform.twitter.com\/widgets.js\" charset=\"utf-8\"><\/script>\n<\/div><\/figure>\n\n\n\n<figure class=\"wp-block-embed-twitter wp-block-embed is-type-rich is-provider-twitter\"><div class=\"wp-block-embed__wrapper\">\n<blockquote class=\"twitter-tweet\" data-width=\"550\" data-dnt=\"true\"><p lang=\"es\" dir=\"ltr\"><a href=\"https:\/\/twitter.com\/hashtag\/Actualizaci%C3%B3n?src=hash&amp;ref_src=twsrc%5Etfw\">#Actualizaci\u00f3n<\/a> Fuerte temblor se sinti\u00f3 en Bogot\u00e1 y otras zonas de Colombia.<a href=\"https:\/\/t.co\/3iPE2UYc2I\">https:\/\/t.co\/3iPE2UYc2I<\/a> <a href=\"https:\/\/t.co\/oOX5THOggU\">pic.twitter.com\/oOX5THOggU<\/a><\/p>&mdash; Caracol Radio (@CaracolRadio) <a href=\"https:\/\/twitter.com\/CaracolRadio\/status\/1209557509930995712?ref_src=twsrc%5Etfw\">December 24, 2019<\/a><\/blockquote><script async src=\"https:\/\/platform.twitter.com\/widgets.js\" charset=\"utf-8\"><\/script>\n<\/div><\/figure>\n\n\n\n<figure class=\"wp-block-embed-twitter wp-block-embed is-type-rich is-provider-twitter\"><div class=\"wp-block-embed__wrapper\">\n<blockquote class=\"twitter-tweet\" data-width=\"550\" data-dnt=\"true\"><p lang=\"es\" dir=\"ltr\">As\u00ed se sinti\u00f3 el temblor en un octavo piso de Cali <a href=\"https:\/\/t.co\/NhIVocR1Xt\">pic.twitter.com\/NhIVocR1Xt<\/a><\/p>&mdash; Web Noticias (@WebNoticiasCali) <a href=\"https:\/\/twitter.com\/WebNoticiasCali\/status\/1209556371005411333?ref_src=twsrc%5Etfw\">December 24, 2019<\/a><\/blockquote><script async src=\"https:\/\/platform.twitter.com\/widgets.js\" charset=\"utf-8\"><\/script>\n<\/div><\/figure>\n\n\n\n<figure class=\"wp-block-embed-twitter wp-block-embed is-type-rich is-provider-twitter\"><div class=\"wp-block-embed__wrapper\">\n<blockquote class=\"twitter-tweet\" data-width=\"550\" data-dnt=\"true\"><p lang=\"es\" dir=\"ltr\">Primer reporte del temblor en San del Guaviare, en el hotel Shalom afectado por el temblor, algunas p\u00e9rdidas materiales y agrietamientos en la infraestructura del hotel. <a href=\"https:\/\/t.co\/7Z4jwSH3sW\">pic.twitter.com\/7Z4jwSH3sW<\/a><\/p>&mdash; CARACOL RADIO GUAVIARE (@caracolguaviare) <a href=\"https:\/\/twitter.com\/caracolguaviare\/status\/1209574273263771648?ref_src=twsrc%5Etfw\">December 24, 2019<\/a><\/blockquote><script async src=\"https:\/\/platform.twitter.com\/widgets.js\" charset=\"utf-8\"><\/script>\n<\/div><\/figure>\n","protected":false},"excerpt":{"rendered":"<p>Datos R\u00e1pidosMagnitud: 6.0 y 5.8 (USGS), 6.2 y 5.7 (SGCol)Profundidad: 10 kmEpicentro: A 4 km y 12 km de Lejan\u00edas, departamento de MetaFecha y hora: 24\/12\/19 14:03 y 14:19 hora local Dos sismos de magnitud 6.0 y 5.8, respectivamente, con epicentros en los l\u00edmites del departamento de Meta, sacudieron distintas ciudades de Colombia este martes [&hellip;]<\/p>\n","protected":false},"author":7,"featured_media":18080,"comment_status":"closed","ping_status":"closed","sticky":false,"template":"","format":"standard","meta":[],"categories":[3,1,9],"tags":[1705,1706,1703,1407,1406,1370,1404,1707,1704,1405,1702],"_links":{"self":[{"href":"https:\/\/bnonews.es\/index.php\/wp-json\/wp\/v2\/posts\/18079"}],"collection":[{"href":"https:\/\/bnonews.es\/index.php\/wp-json\/wp\/v2\/posts"}],"about":[{"href":"https:\/\/bnonews.es\/index.php\/wp-json\/wp\/v2\/types\/post"}],"author":[{"embeddable":true,"href":"https:\/\/bnonews.es\/index.php\/wp-json\/wp\/v2\/users\/7"}],"replies":[{"embeddable":true,"href":"https:\/\/bnonews.es\/index.php\/wp-json\/wp\/v2\/comments?post=18079"}],"version-history":[{"count":13,"href":"https:\/\/bnonews.es\/index.php\/wp-json\/wp\/v2\/posts\/18079\/revisions"}],"predecessor-version":[{"id":18100,"href":"https:\/\/bnonews.es\/index.php\/wp-json\/wp\/v2\/posts\/18079\/revisions\/18100"}],"wp:featuredmedia":[{"embeddable":true,"href":"https:\/\/bnonews.es\/index.php\/wp-json\/wp\/v2\/media\/18080"}],"wp:attachment":[{"href":"https:\/\/bnonews.es\/index.php\/wp-json\/wp\/v2\/media?parent=18079"}],"wp:term":[{"taxonomy":"category","embeddable":true,"href":"https:\/\/bnonews.es\/index.php\/wp-json\/wp\/v2\/categories?post=18079"},{"taxonomy":"post_tag","embeddable":true,"href":"https:\/\/bnonews.es\/index.php\/wp-json\/wp\/v2\/tags?post=18079"}],"curies":[{"name":"wp","href":"https:\/\/api.w.org\/{rel}","templated":true}]}}