{"id":18468,"date":"2020-07-10T19:10:21","date_gmt":"2020-07-10T23:10:21","guid":{"rendered":"https:\/\/bnonews.es\/?p=18468"},"modified":"2020-07-10T19:37:17","modified_gmt":"2020-07-10T23:37:17","slug":"trump-dice-que-firmara-una-reforma-migratoria-con-camino-a-la-ciudadania-para-los-dreamers","status":"publish","type":"post","link":"https:\/\/bnonews.es\/index.php\/2020\/07\/trump-dice-que-firmara-una-reforma-migratoria-con-camino-a-la-ciudadania-para-los-dreamers\/","title":{"rendered":"Trump dice que firmar\u00e1 una reforma migratoria con camino a la ciudadan\u00eda para los &#8216;Dreamers&#8217;"},"content":{"rendered":"\n<p>El presidente de los Estados Unidos, Donald Trump, dijo el viernes que en las pr\u00f3ximas semanas firmar\u00e1 una orden ejecutiva sobre inmigraci\u00f3n con un camino hacia la ciudadan\u00eda para los inmigrantes que est\u00e1n en los Estados Unidos ilegalmente pero que llegaron al pa\u00eds de ni\u00f1os.<\/p>\n\n\n\n<p>En una entrevista con la cadena de televisi\u00f3n en espa\u00f1ol Telemundo, Trump dijo que un aspecto de la medida implicar\u00e1 la Acci\u00f3n Diferida para la Llegada de Ni\u00f1os (DACA), el programa que protege a cientos de miles de estos inmigrantes &#8211; a menudo llamados \u00abdreamers\u00bb &#8211; de la deportaci\u00f3n.<\/p>\n\n\n\n<p>\u00abVoy a hacer una gran orden ejecutiva. \u2026 Y voy a hacer que DACA sea parte de ella\u00bb, dijo Trump. \u00abVamos a tener un camino hacia la ciudadan\u00eda.\u00bb<\/p>\n\n\n\n<p>La Corte Suprema de los Estados Unidos el mes pasado dio un gran rev\u00e9s a las pol\u00edticas de inmigraci\u00f3n de l\u00ednea dura de Trump, bloqueando su intento de poner fin a la DACA, que fue creada en 2012 por su predecesor dem\u00f3crata Barack Obama.<\/p>\n\n\n\n<p>El fallo no impidi\u00f3 que Trump intentara de nuevo terminar el programa. Pero a su administraci\u00f3n le puede resultar dif\u00edcil rescindirlo &#8211; y ganar cualquier batalla legal subsiguiente &#8211; antes de las elecciones del 3 de noviembre en las que busca un segundo mandato.<\/p>\n\n\n\n<p>Los comentarios de Trump atrajeron una inmediata reprimenda de su compa\u00f1ero republicano, el senador Ted Cruz, quien escribi\u00f3 en un post de Twitter que \u00abser\u00eda un ENORME error si Trump intenta expandir ilegalmente la amnist\u00eda\u00bb.<\/p>\n\n\n\n<p>\u00abHay CERO autoridad constitucional para que un Presidente cree un \u00abcamino a la ciudadan\u00eda\u00bb por decreto ejecutivo\u00bb, escribi\u00f3 Cruz. (Reportado por Mohammad Zargham y Eric Beech en Washington, Editado por Sonya Hepinstall)<\/p>\n\n\n\n<p>(c) Copyright Thomson Reuters 2020. Traducci\u00f3n por Carlos Robles para BNO News.<a href=\"https:\/\/www.thomsonreuters.com\/en\/policies\/copyright.html\">&nbsp;Lee las Restricciones.<\/a><\/p>\n\n\n\n<figure class=\"wp-block-embed-twitter wp-block-embed is-type-rich is-provider-twitter\"><div class=\"wp-block-embed__wrapper\">\n<blockquote class=\"twitter-tweet\" data-width=\"550\" data-dnt=\"true\"><p lang=\"es\" dir=\"ltr\"><a href=\"https:\/\/twitter.com\/hashtag\/EXCLUSIVA?src=hash&amp;ref_src=twsrc%5Etfw\">#EXCLUSIVA<\/a>: Trump aprobar\u00e1 por orden ejecutiva una reforma migratoria \u201cde m\u00e9ritos\u201d que legalizar\u00e1 a los <a href=\"https:\/\/twitter.com\/hashtag\/dreamers?src=hash&amp;ref_src=twsrc%5Etfw\">#dreamers<\/a>.<br><br>\ud83c\uddfa\ud83c\uddf8 El presidente asegura que la decisi\u00f3n de la Corte Suprema sobre <a href=\"https:\/\/twitter.com\/hashtag\/DACA?src=hash&amp;ref_src=twsrc%5Etfw\">#DACA<\/a> le permite aprobar esta reforma en las pr\u00f3ximas cuatro semanas. <a href=\"https:\/\/t.co\/7VA7D2249t\">https:\/\/t.co\/7VA7D2249t<\/a><\/p>&mdash; Noticias Telemundo (@TelemundoNews) <a href=\"https:\/\/twitter.com\/TelemundoNews\/status\/1281701211171938304?ref_src=twsrc%5Etfw\">July 10, 2020<\/a><\/blockquote><script async src=\"https:\/\/platform.twitter.com\/widgets.js\" charset=\"utf-8\"><\/script>\n<\/div><\/figure>\n\n\n\n<figure class=\"wp-block-embed-twitter wp-block-embed is-type-rich is-provider-twitter\"><div class=\"wp-block-embed__wrapper\">\n<blockquote class=\"twitter-tweet\" data-width=\"550\" data-dnt=\"true\"><p lang=\"en\" dir=\"ltr\">There is ZERO constitutional authority for a President to create a \u201croad to citizenship\u201d by executive fiat. <br><br>It was unconstitutional when Obama issued executive amnesty, and it would be a HUGE mistake if Trump tries to illegally expand amnesty. <a href=\"https:\/\/twitter.com\/hashtag\/TellTheSwampNO?src=hash&amp;ref_src=twsrc%5Etfw\">#TellTheSwampNO<\/a> <a href=\"https:\/\/twitter.com\/hashtag\/RuleOfLaw?src=hash&amp;ref_src=twsrc%5Etfw\">#RuleOfLaw<\/a> <a href=\"https:\/\/t.co\/RLWuCgcNU6\">https:\/\/t.co\/RLWuCgcNU6<\/a><\/p>&mdash; Ted Cruz (@tedcruz) <a href=\"https:\/\/twitter.com\/tedcruz\/status\/1281717061828435968?ref_src=twsrc%5Etfw\">July 10, 2020<\/a><\/blockquote><script async src=\"https:\/\/platform.twitter.com\/widgets.js\" charset=\"utf-8\"><\/script>\n<\/div><\/figure>\n","protected":false},"excerpt":{"rendered":"<p>El presidente de los Estados Unidos, Donald Trump, dijo el viernes que en las pr\u00f3ximas semanas firmar\u00e1 una orden ejecutiva sobre inmigraci\u00f3n con un camino hacia la ciudadan\u00eda para los inmigrantes que est\u00e1n en los Estados Unidos ilegalmente pero que llegaron al pa\u00eds de ni\u00f1os. En una entrevista con la cadena de televisi\u00f3n en espa\u00f1ol [&hellip;]<\/p>\n","protected":false},"author":9,"featured_media":18469,"comment_status":"closed","ping_status":"closed","sticky":false,"template":"","format":"standard","meta":[],"categories":[2,1,5],"tags":[1529,1370,1527,1828,1374,1826,1827,1829],"_links":{"self":[{"href":"https:\/\/bnonews.es\/index.php\/wp-json\/wp\/v2\/posts\/18468"}],"collection":[{"href":"https:\/\/bnonews.es\/index.php\/wp-json\/wp\/v2\/posts"}],"about":[{"href":"https:\/\/bnonews.es\/index.php\/wp-json\/wp\/v2\/types\/post"}],"author":[{"embeddable":true,"href":"https:\/\/bnonews.es\/index.php\/wp-json\/wp\/v2\/users\/9"}],"replies":[{"embeddable":true,"href":"https:\/\/bnonews.es\/index.php\/wp-json\/wp\/v2\/comments?post=18468"}],"version-history":[{"count":4,"href":"https:\/\/bnonews.es\/index.php\/wp-json\/wp\/v2\/posts\/18468\/revisions"}],"predecessor-version":[{"id":18475,"href":"https:\/\/bnonews.es\/index.php\/wp-json\/wp\/v2\/posts\/18468\/revisions\/18475"}],"wp:featuredmedia":[{"embeddable":true,"href":"https:\/\/bnonews.es\/index.php\/wp-json\/wp\/v2\/media\/18469"}],"wp:attachment":[{"href":"https:\/\/bnonews.es\/index.php\/wp-json\/wp\/v2\/media?parent=18468"}],"wp:term":[{"taxonomy":"category","embeddable":true,"href":"https:\/\/bnonews.es\/index.php\/wp-json\/wp\/v2\/categories?post=18468"},{"taxonomy":"post_tag","embeddable":true,"href":"https:\/\/bnonews.es\/index.php\/wp-json\/wp\/v2\/tags?post=18468"}],"curies":[{"name":"wp","href":"https:\/\/api.w.org\/{rel}","templated":true}]}}