{"id":18687,"date":"2022-07-15T18:57:08","date_gmt":"2022-07-15T22:57:08","guid":{"rendered":"https:\/\/bnonews.es\/?p=18687"},"modified":"2022-07-15T19:46:42","modified_gmt":"2022-07-15T23:46:42","slug":"se-desploma-helicoptero-militar-en-sinaloa-mexico-dejando-9-muertos","status":"publish","type":"post","link":"https:\/\/bnonews.es\/index.php\/2022\/07\/se-desploma-helicoptero-militar-en-sinaloa-mexico-dejando-9-muertos\/","title":{"rendered":"Se desploma helic\u00f3ptero militar en Sinaloa, M\u00e9xico; dejando 14 muertos"},"content":{"rendered":"\n<p>Un helic\u00f3ptero de la Marina (SEMAR) se desplom\u00f3 la tarde de este viernes en el estado de Sinaloa dejando al menos 14 muertos, confirm\u00f3 la Armada de M\u00e9xico en un comunicado. La aeronave habr\u00eda participado en las operaciones donde fue capturado el capo del narcotr\u00e1fico Rafael Caro Quintero.<\/p>\n\n\n\n<p>El incidente ocurri\u00f3 alrededor de las 4 de la tarde, hora del centro de M\u00e9xico, cuando un helic\u00f3ptero Black Hawk se desplom\u00f3 en las inmediaciones del municipio de Los Mochis en Sinaloa, de acuerdo al comunicado.<\/p>\n\n\n\n<p>El helic\u00f3ptero transportaba a 15 personas, de las cuales 14 murieron, inform\u00f3 la SEMAR. Hasta el momento se desconocen las causas del incidente. <\/p>\n\n\n\n<p>El helic\u00f3ptero hab\u00eda participado en los operativos en donde fue capturado el capo del narcotr\u00e1fico Rafael Caro Quintero, uno de los m\u00e1s buscados en M\u00e9xico y Estados Unidos. Primeros reportes indican que el desplome se trat\u00f3 de un accidente.<\/p>\n\n\n\n<p>Rafael Caro Quintero es uno de los fundadores del C\u00e1rtel de Guadalajara, una de las organizaciones criminales m\u00e1s grandes en la d\u00e9cada de los 80&#8217;s y precursora de los carteles modernos en M\u00e9xico. El capo fue detenido en 1985 luego del asesinato del agente de la DEA Enrique &#8216;Kiki&#8217; Camarena, pero fue liberado en el 2013 bajo una laguna jur\u00eddica. <\/p>\n\n\n\n<p>La nueva captura de Quintero habr\u00eda sido anunciada pocas horas antes de la ca\u00edda del helic\u00f3ptero.<\/p>\n\n\n\n<figure class=\"wp-block-embed is-type-rich is-provider-twitter wp-block-embed-twitter\"><div class=\"wp-block-embed__wrapper\">\n<blockquote class=\"twitter-tweet\" data-width=\"550\" data-dnt=\"true\"><p lang=\"es\" dir=\"ltr\">\ud83d\udd34 <a href=\"https:\/\/twitter.com\/hashtag\/AlMomento?src=hash&amp;ref_src=twsrc%5Etfw\">#AlMomento<\/a><br>Se desploma helic\u00f3ptero <br>La <a href=\"https:\/\/twitter.com\/SEMAR_mx?ref_src=twsrc%5Etfw\">@SEMAR_mx<\/a> confirm\u00f3 que uno de sus helic\u00f3pteros Black Hawk se desplom\u00f3 cerca de Los Mochis, <a href=\"https:\/\/twitter.com\/hashtag\/Sinaloa?src=hash&amp;ref_src=twsrc%5Etfw\">#Sinaloa<\/a>; hay fallecidos. La instituci\u00f3n descart\u00f3 que haya relaci\u00f3n con la detenci\u00f3n de Rafael Caro Quintero. <a href=\"https:\/\/t.co\/LZkQmCAzw7\">pic.twitter.com\/LZkQmCAzw7<\/a><\/p>&mdash; Al Momento 4T (@Almomento4T) <a href=\"https:\/\/twitter.com\/Almomento4T\/status\/1548065145519149058?ref_src=twsrc%5Etfw\">July 15, 2022<\/a><\/blockquote><script async src=\"https:\/\/platform.twitter.com\/widgets.js\" charset=\"utf-8\"><\/script>\n<\/div><\/figure>\n\n\n\n<figure class=\"wp-block-embed is-type-rich is-provider-twitter wp-block-embed-twitter\"><div class=\"wp-block-embed__wrapper\">\n<blockquote class=\"twitter-tweet\" data-width=\"550\" data-dnt=\"true\"><p lang=\"es\" dir=\"ltr\">\ud83d\udea8<a href=\"https:\/\/twitter.com\/hashtag\/%C3%9ALTIMAHORA?src=hash&amp;ref_src=twsrc%5Etfw\">#\u00daLTIMAHORA<\/a> | \u00a1SE CAE HELIC\u00d3PTERO DE LA MARINA EN SINALOA!<br><br>Un helic\u00f3ptero de la SEMAR se cay\u00f3 en Los Mochis, <a href=\"https:\/\/twitter.com\/hashtag\/Sinaloa?src=hash&amp;ref_src=twsrc%5Etfw\">#Sinaloa<\/a>. <br><br>Reportan varios muertos y heridos. <a href=\"https:\/\/t.co\/yb1uOnDHw9\">pic.twitter.com\/yb1uOnDHw9<\/a><\/p>&mdash; Ruido en la Red (@RuidoEnLaRed) <a href=\"https:\/\/twitter.com\/RuidoEnLaRed\/status\/1548062838807154688?ref_src=twsrc%5Etfw\">July 15, 2022<\/a><\/blockquote><script async src=\"https:\/\/platform.twitter.com\/widgets.js\" charset=\"utf-8\"><\/script>\n<\/div><\/figure>\n","protected":false},"excerpt":{"rendered":"<p>Un helic\u00f3ptero de la Marina (SEMAR) se desplom\u00f3 la tarde de este viernes en el estado de Sinaloa dejando al menos 14 muertos, confirm\u00f3 la Armada de M\u00e9xico en un comunicado. La aeronave habr\u00eda participado en las operaciones donde fue capturado el capo del narcotr\u00e1fico Rafael Caro Quintero. El incidente ocurri\u00f3 alrededor de las 4 [&hellip;]<\/p>\n","protected":false},"author":7,"featured_media":18688,"comment_status":"closed","ping_status":"closed","sticky":false,"template":"","format":"standard","meta":[],"categories":[2,1],"tags":[1909,1370,1907,1908,1372,1905,1906,1518],"_links":{"self":[{"href":"https:\/\/bnonews.es\/index.php\/wp-json\/wp\/v2\/posts\/18687"}],"collection":[{"href":"https:\/\/bnonews.es\/index.php\/wp-json\/wp\/v2\/posts"}],"about":[{"href":"https:\/\/bnonews.es\/index.php\/wp-json\/wp\/v2\/types\/post"}],"author":[{"embeddable":true,"href":"https:\/\/bnonews.es\/index.php\/wp-json\/wp\/v2\/users\/7"}],"replies":[{"embeddable":true,"href":"https:\/\/bnonews.es\/index.php\/wp-json\/wp\/v2\/comments?post=18687"}],"version-history":[{"count":4,"href":"https:\/\/bnonews.es\/index.php\/wp-json\/wp\/v2\/posts\/18687\/revisions"}],"predecessor-version":[{"id":18697,"href":"https:\/\/bnonews.es\/index.php\/wp-json\/wp\/v2\/posts\/18687\/revisions\/18697"}],"wp:featuredmedia":[{"embeddable":true,"href":"https:\/\/bnonews.es\/index.php\/wp-json\/wp\/v2\/media\/18688"}],"wp:attachment":[{"href":"https:\/\/bnonews.es\/index.php\/wp-json\/wp\/v2\/media?parent=18687"}],"wp:term":[{"taxonomy":"category","embeddable":true,"href":"https:\/\/bnonews.es\/index.php\/wp-json\/wp\/v2\/categories?post=18687"},{"taxonomy":"post_tag","embeddable":true,"href":"https:\/\/bnonews.es\/index.php\/wp-json\/wp\/v2\/tags?post=18687"}],"curies":[{"name":"wp","href":"https:\/\/api.w.org\/{rel}","templated":true}]}}