{"id":18796,"date":"2022-07-29T15:04:41","date_gmt":"2022-07-29T19:04:41","guid":{"rendered":"https:\/\/bnonews.es\/?p=18796"},"modified":"2022-07-29T15:04:43","modified_gmt":"2022-07-29T19:04:43","slug":"espana-y-brasil-reportan-sus-primeras-muertes-por-viruela-del-mono","status":"publish","type":"post","link":"https:\/\/bnonews.es\/index.php\/2022\/07\/espana-y-brasil-reportan-sus-primeras-muertes-por-viruela-del-mono\/","title":{"rendered":"Espa\u00f1a y Brasil reportan sus primeras muertes por viruela del mono"},"content":{"rendered":"\n<p>Espa\u00f1a y Brasil han confirmado sus primeras muertes por viruela del mono, las cuales ser\u00edan las primeras fuera de \u00c1frica, seg\u00fan anunciaron el viernes las autoridades sanitarias. Las muertes ocurrieron a una semana de que el brote fuera declarado una Emergencia de Salud P\u00fablica de Importancia Internacional.<\/p>\n\n\n\n<p>La muerte en Brasil se produjo en Belo Horizonte, una de las mayores ciudades del pa\u00eds. El Ministerio de Sanidad dijo que el paciente era un hombre de 41 a\u00f1os con el sistema inmunitario muy debilitado, el cual falleci\u00f3 el jueves.<\/p>\n\n\n\n<p>Un funcionario de salud local dijo que el hombre estaba siendo tratado por un linfoma cuando dio positivo en la prueba de viruela s\u00edmica.<\/p>\n\n\n\n<p>El Ministerio de Sanidad espa\u00f1ol tambi\u00e9n inform\u00f3 de una muerte por viruela del mono, pero no se dieron detalles concretos. Una actualizaci\u00f3n del Ministerio de Sanidad dijo que, de los 3.750 casos con informaci\u00f3n detallada, 120 fueron hospitalizados.<\/p>\n\n\n\n<p>El primer caso del brote actual se detect\u00f3 en Londres el 7 de mayo en un viajero reciente procedente de Nigeria, donde la viruela del mono es end\u00e9mica. En las semanas siguientes se detectaron m\u00e1s casos, y el brote ha infectado ya a m\u00e1s de 21.000 personas en 78 pa\u00edses.<\/p>\n\n\n\n<p>No se hab\u00edan reportado muertes fuera de \u00c1frica hasta el d\u00eda de hoy.<\/p>\n","protected":false},"excerpt":{"rendered":"<p>Espa\u00f1a y Brasil han confirmado sus primeras muertes por viruela del mono, las cuales ser\u00edan las primeras fuera de \u00c1frica, seg\u00fan anunciaron el viernes las autoridades sanitarias. Las muertes ocurrieron a una semana de que el brote fuera declarado una Emergencia de Salud P\u00fablica de Importancia Internacional. La muerte en Brasil se produjo en Belo [&hellip;]<\/p>\n","protected":false},"author":7,"featured_media":18797,"comment_status":"closed","ping_status":"closed","sticky":false,"template":"","format":"standard","meta":[],"categories":[3,1],"tags":[1940,1817,1934,1370,1446,1941,1928],"_links":{"self":[{"href":"https:\/\/bnonews.es\/index.php\/wp-json\/wp\/v2\/posts\/18796"}],"collection":[{"href":"https:\/\/bnonews.es\/index.php\/wp-json\/wp\/v2\/posts"}],"about":[{"href":"https:\/\/bnonews.es\/index.php\/wp-json\/wp\/v2\/types\/post"}],"author":[{"embeddable":true,"href":"https:\/\/bnonews.es\/index.php\/wp-json\/wp\/v2\/users\/7"}],"replies":[{"embeddable":true,"href":"https:\/\/bnonews.es\/index.php\/wp-json\/wp\/v2\/comments?post=18796"}],"version-history":[{"count":1,"href":"https:\/\/bnonews.es\/index.php\/wp-json\/wp\/v2\/posts\/18796\/revisions"}],"predecessor-version":[{"id":18798,"href":"https:\/\/bnonews.es\/index.php\/wp-json\/wp\/v2\/posts\/18796\/revisions\/18798"}],"wp:featuredmedia":[{"embeddable":true,"href":"https:\/\/bnonews.es\/index.php\/wp-json\/wp\/v2\/media\/18797"}],"wp:attachment":[{"href":"https:\/\/bnonews.es\/index.php\/wp-json\/wp\/v2\/media?parent=18796"}],"wp:term":[{"taxonomy":"category","embeddable":true,"href":"https:\/\/bnonews.es\/index.php\/wp-json\/wp\/v2\/categories?post=18796"},{"taxonomy":"post_tag","embeddable":true,"href":"https:\/\/bnonews.es\/index.php\/wp-json\/wp\/v2\/tags?post=18796"}],"curies":[{"name":"wp","href":"https:\/\/api.w.org\/{rel}","templated":true}]}}