{"id":18799,"date":"2022-09-01T16:31:01","date_gmt":"2022-09-01T20:31:01","guid":{"rendered":"https:\/\/bnonews.es\/?p=18799"},"modified":"2022-09-01T16:31:04","modified_gmt":"2022-09-01T20:31:04","slug":"argentina-investiga-un-brote-de-una-enfermedad-de-origen-desconocido","status":"publish","type":"post","link":"https:\/\/bnonews.es\/index.php\/2022\/09\/argentina-investiga-un-brote-de-una-enfermedad-de-origen-desconocido\/","title":{"rendered":"Argentina investiga un brote de una enfermedad de origen desconocido"},"content":{"rendered":"\n<p>Las autoridades sanitarias est\u00e1n investigando un brote de una enfermedad no identificada que ha enfermado al menos a nueve personas en una cl\u00ednica privada del norte de Argentina, seg\u00fan las autoridades. Tres de los infectados han muerto.<\/p>\n\n\n\n<p>El Ministerio de Salud de la provincia de Tucum\u00e1n inform\u00f3 el jueves de tres nuevos casos, elevando el total a nueve, todos ellos detectados en la cl\u00ednica Luz M\u00e9dica. Tres de los infectados, entre ellos un m\u00e9dico, una enfermera y un paciente, han fallecido.<\/p>\n\n\n\n<p>El Dr. Luis Medina Ruiz, consejero de sanidad de la regi\u00f3n, declar\u00f3 en una reuni\u00f3n informativa el jueves que los expertos han realizado hasta ahora pruebas para detectar m\u00e1s de 30 posibles causas -entre ellas coronavirus, hantavirus y m\u00faltiples cepas de legionela-, pero que todas han resultado negativas.<\/p>\n\n\n\n<p>El primer caso conocido es el de una mujer de 70 a\u00f1os que ingres\u00f3 en Luz M\u00e9dica a mediados de agosto para ser operada de un problema de ves\u00edcula. Desarroll\u00f3 una infecci\u00f3n pulmonar el 18 de agosto, y el personal sanitario que estuvo en contacto con ella empez\u00f3 a enfermar con s\u00edntomas similares.<\/p>\n\n\n\n<p>M\u00e1s tarde murieron un m\u00e9dico y una enfermera, y la paciente falleci\u00f3 el jueves por la ma\u00f1ana.<\/p>\n\n\n\n<p>\u00abTodos estamos en alerta sobre este tema\u00bb, dijo Medina Ruiz. \u00abEstamos sacando comunicados a las guardias y terapias intensivas p\u00fablicas como privadas, por la posible aparici\u00f3n de un paciente que tenga estas caracter\u00edsticas, sobre todo para realizar un diagn\u00f3stico adecuado con todos los protocolos y EPP necesarios, como se recomienda con todos los pacientes con cuadros respiratorios\u00bb.<\/p>\n\n\n\n<p>Aunque los nueve casos tuvieron un inicio de s\u00edntomas entre el 18 y el 23 de agosto, es demasiado pronto para levantar las restricciones en la cl\u00ednica privada, dijo Medina Ruiz. Uno de los tres nuevos casos ingres\u00f3 en el hospital el jueves, pero enferm\u00f3 durante el mismo periodo.<\/p>\n\n\n\n<p>La Organizaci\u00f3n Mundial de la Salud (OMS) y el Centro Europeo de Control de Enfermedades (ECDC) est\u00e1n vigilando el brote.<\/p>\n","protected":false},"excerpt":{"rendered":"<p>Las autoridades sanitarias est\u00e1n investigando un brote de una enfermedad no identificada que ha enfermado al menos a nueve personas en una cl\u00ednica privada del norte de Argentina, seg\u00fan las autoridades. Tres de los infectados han muerto. El Ministerio de Salud de la provincia de Tucum\u00e1n inform\u00f3 el jueves de tres nuevos casos, elevando el [&hellip;]<\/p>\n","protected":false},"author":7,"featured_media":18800,"comment_status":"closed","ping_status":"closed","sticky":false,"template":"","format":"standard","meta":[],"categories":[3,1],"tags":[1638,1370,1806,1941,1942],"_links":{"self":[{"href":"https:\/\/bnonews.es\/index.php\/wp-json\/wp\/v2\/posts\/18799"}],"collection":[{"href":"https:\/\/bnonews.es\/index.php\/wp-json\/wp\/v2\/posts"}],"about":[{"href":"https:\/\/bnonews.es\/index.php\/wp-json\/wp\/v2\/types\/post"}],"author":[{"embeddable":true,"href":"https:\/\/bnonews.es\/index.php\/wp-json\/wp\/v2\/users\/7"}],"replies":[{"embeddable":true,"href":"https:\/\/bnonews.es\/index.php\/wp-json\/wp\/v2\/comments?post=18799"}],"version-history":[{"count":1,"href":"https:\/\/bnonews.es\/index.php\/wp-json\/wp\/v2\/posts\/18799\/revisions"}],"predecessor-version":[{"id":18801,"href":"https:\/\/bnonews.es\/index.php\/wp-json\/wp\/v2\/posts\/18799\/revisions\/18801"}],"wp:featuredmedia":[{"embeddable":true,"href":"https:\/\/bnonews.es\/index.php\/wp-json\/wp\/v2\/media\/18800"}],"wp:attachment":[{"href":"https:\/\/bnonews.es\/index.php\/wp-json\/wp\/v2\/media?parent=18799"}],"wp:term":[{"taxonomy":"category","embeddable":true,"href":"https:\/\/bnonews.es\/index.php\/wp-json\/wp\/v2\/categories?post=18799"},{"taxonomy":"post_tag","embeddable":true,"href":"https:\/\/bnonews.es\/index.php\/wp-json\/wp\/v2\/tags?post=18799"}],"curies":[{"name":"wp","href":"https:\/\/api.w.org\/{rel}","templated":true}]}}